{
    "id": 795,
    "date": "2024-11-26T09:36:52",
    "date_gmt": "2024-11-26T12:36:52",
    "guid": {
        "rendered": "https:\/\/therischlawfirm.com\/application\/?p=795"
    },
    "modified": "2024-11-26T09:36:52",
    "modified_gmt": "2024-11-26T12:36:52",
    "slug": "um-olhar-sobre-o-novo-governo-e-a-politica-imigratoria-green-card-para-imigrantes-qualificados-e-desenvolvimento-economico",
    "status": "publish",
    "type": "post",
    "link": "https:\/\/therischlawfirm.com\/pt\/um-olhar-sobre-o-novo-governo-e-a-politica-imigratoria-green-card-para-imigrantes-qualificados-e-desenvolvimento-economico\/",
    "title": {
        "rendered": "Um olhar sobre o novo governo e a pol\u00edtica imigrat\u00f3ria &#8211; Green Card para imigrantes qualificados e desenvolvimento econ\u00f4mico."
    },
    "content": {
        "rendered": "<p>Prezados clientes,<\/p>\n<p>Com a elei\u00e7\u00e3o do novo presidente dos Estados Unidos, Donald Trump, e a recente visita que fez ao atual presidente, Joe Biden, dando in\u00edcio \u00e0 transi\u00e7\u00e3o de governo, entendemos que o momento pode gerar incertezas e apreens\u00e3o. Queremos, portanto, compartilhar uma an\u00e1lise sobre o panorama atual e futuro, refor\u00e7ando nossa confian\u00e7a e compromisso em manter todos nossos clientes informados e tranquilos neste processo.<\/p>\n<p><strong>Imigrantes qualificados e o partido Republicano: uma tradi\u00e7\u00e3o de apoio<\/p>\n<p><\/strong><\/p>\n<p>\u00c9 importante destacar que, historicamente, o Partido Republicano \u2013 que ser\u00e1 em breve respons\u00e1vel pela Casa Branca \u2013 tem se mostrado sempre favor\u00e1vel \u00e0 imigra\u00e7\u00e3o qualificada. A pol\u00edtica conservadora republicana tende a enfatizar o m\u00e9rito individual e a contribui\u00e7\u00e3o que os imigrantes qualificados trazem ao pa\u00eds, especialmente aqueles que possuem habilidades e conhecimentos considerados de muita import\u00e2ncia para o crescimento econ\u00f4mico e para a competitividade dos Estados Unidos.<\/p>\n<p>A partir dessa constata\u00e7\u00e3o, a tend\u00eancia \u00e9 de que haja incremento na expedi\u00e7\u00e3o de Green Card para imigrantes qualificados, que atuam em \u00e1reas t\u00e9cnicas, de inova\u00e7\u00e3o, finan\u00e7as, sa\u00fade, pesquisa e outras que sejam de interesse nacional. De acordo com as declara\u00e7\u00f5es feitas pela equipe de transi\u00e7\u00e3o e as diretrizes mencionadas at\u00e9 o momento, h\u00e1 ind\u00edcios muito positivos de que as pol\u00edticas de imigra\u00e7\u00e3o devam ser at\u00e9 aprimoradas para fortalecer a concess\u00e3o de Green Cards que sejam baseados na qualifica\u00e7\u00e3o profissional e acad\u00eamica do aplicante.<\/p>\n<p><strong>Prioriza\u00e7\u00e3o de imigra\u00e7\u00e3o por m\u00e9rito e contribui\u00e7\u00e3o econ\u00f4mica<\/p>\n<p><\/strong><\/p>\n<p>O novo presidente, assim como outros l\u00edderes republicanos, j\u00e1 manifestou interesse em atrair talentos que possam contribuir para a economia e a inova\u00e7\u00e3o nos Estados Unidos. Esse enfoque est\u00e1 alinhado aos interesses de nossos clientes, que possuem forma\u00e7\u00f5es acad\u00eamicas e profissionais de alta relev\u00e2ncia, que agregam valor ao mercado de trabalho americano. Com isso, \u00e9 muito prov\u00e1vel que o processo para concess\u00e3o de Green Cards com base em m\u00e9rito \u2013 categorias EB-1 e EB-2, por exemplo \u2013 ou ainda, os vistos tempor\u00e1rios de trabalho ou de neg\u00f3cios, sejam priorizados no novo governo, na perspectiva do interesse do governo em promover o desenvolvimento econ\u00f4mico do pa\u00eds.<\/p>\n<p>Isso significa que, para imigrantes qualificados, o contexto pol\u00edtico atual representar\u00e1 seguras oportunidades para obten\u00e7\u00e3o do Green Card, em vez de uma limita\u00e7\u00e3o. O novo governo dever\u00e1 concentrar seus esfor\u00e7os em fortalecer e organizar processos de imigra\u00e7\u00e3o baseados em forma\u00e7\u00e3o acad\u00eamica, habilidade pessoal e m\u00e9rito individual. O mesmo vale para os que desejam empreender ou trabalhar temporariamente em solo americano, o que \u00e9 uma \u00f3tima not\u00edcia para nossos clientes, para profissionais qualificados e empreendedores de reconhecido \u00eaxito, que desejam construir suas vidas nos EUA, explorando as in\u00fameras oportunidades que o pa\u00eds oferece.<\/p>\n<p>Queremos tranquiliz\u00e1-los de que n\u00e3o vemos amea\u00e7as ao processo de concess\u00e3o de Green Cards para candidatos qualificados e para vistos de trabalho ou de neg\u00f3cios. Ao contr\u00e1rio, nosso entendimento \u00e9 de que o novo governo seguir\u00e1 valorizando e reconhecendo o m\u00e9rito e as contribui\u00e7\u00f5es que nossos clientes trazem para a economia e a sociedade americana.<\/p>\n<p>Estamos e estaremos sempre monitorando de perto todas as movimenta\u00e7\u00f5es pol\u00edticas e regulamentares para garantir que nossos clientes estejam constantemente atualizados e alinhados com as melhores pr\u00e1ticas.<\/p>\n<p>Nossa equipe estar\u00e1 sempre pronta para esclarecer quest\u00f5es, orientar sobre as melhores estrat\u00e9gias e assegurar que cada cliente receba o apoio necess\u00e1rio, com seguran\u00e7a e confian\u00e7a.<\/p>\n<p>Atenciosamente,<\/p>\n<p><strong>Equipe Risch Law Firm.<\/strong><\/p>",
        "protected": false
    },
    "excerpt": {
        "rendered": "<p>Prezados clientes, Com a elei\u00e7\u00e3o do novo presidente dos Estados Unidos, Donald Trump, e a recente visita que fez ao atual presidente, Joe Biden, dando in\u00edcio \u00e0 transi\u00e7\u00e3o de governo, entendemos que o momento pode gerar incertezas e apreens\u00e3o. Queremos, portanto, compartilhar uma an\u00e1lise sobre o panorama atual e futuro, refor\u00e7ando nossa confian\u00e7a e compromisso [&hellip;]<\/p>",
        "protected": false
    },
    "author": 1,
    "featured_media": 796,
    "comment_status": "open",
    "ping_status": "open",
    "sticky": false,
    "template": "",
    "format": "standard",
    "meta": {
        "_acf_changed": false,
        "footnotes": ""
    },
    "categories": [
        1
    ],
    "tags": [],
    "class_list": [
        "post-795",
        "post",
        "type-post",
        "status-publish",
        "format-standard",
        "has-post-thumbnail",
        "hentry",
        "category-uncategorized"
    ],
    "acf": [],
    "yoast_head": "<!-- This site is optimized with the Yoast SEO plugin v26.7 - https:\/\/yoast.com\/wordpress\/plugins\/seo\/ -->\n<title>Um olhar sobre o novo governo e a pol\u00edtica imigrat\u00f3ria - Green Card para imigrantes qualificados e desenvolvimento econ\u00f4mico. - Risch Law Firm<\/title>\n<meta name=\"robots\" content=\"index, follow, max-snippet:-1, max-image-preview:large, max-video-preview:-1\" \/>\n<link rel=\"canonical\" href=\"https:\/\/therischlawfirm.com\/pt\/um-olhar-sobre-o-novo-governo-e-a-politica-imigratoria-green-card-para-imigrantes-qualificados-e-desenvolvimento-economico\/\" \/>\n<meta property=\"og:locale\" content=\"pt_BR\" \/>\n<meta property=\"og:type\" content=\"article\" \/>\n<meta property=\"og:title\" content=\"Um olhar sobre o novo governo e a pol\u00edtica imigrat\u00f3ria - Green Card para imigrantes qualificados e desenvolvimento econ\u00f4mico. - Risch Law Firm\" \/>\n<meta property=\"og:description\" content=\"Prezados clientes, Com a elei\u00e7\u00e3o do novo presidente dos Estados Unidos, Donald Trump, e a recente visita que fez ao atual presidente, Joe Biden, dando in\u00edcio \u00e0 transi\u00e7\u00e3o de governo, entendemos que o momento pode gerar incertezas e apreens\u00e3o. Queremos, portanto, compartilhar uma an\u00e1lise sobre o panorama atual e futuro, refor\u00e7ando nossa confian\u00e7a e compromisso [&hellip;]\" \/>\n<meta property=\"og:url\" content=\"https:\/\/therischlawfirm.com\/pt\/um-olhar-sobre-o-novo-governo-e-a-politica-imigratoria-green-card-para-imigrantes-qualificados-e-desenvolvimento-economico\/\" \/>\n<meta property=\"og:site_name\" content=\"Risch Law Firm\" \/>\n<meta property=\"article:published_time\" content=\"2024-11-26T12:36:52+00:00\" \/>\n<meta property=\"og:image\" content=\"https:\/\/therischlawfirm.com\/wp-content\/uploads\/2024\/11\/shutterstock_2542022679.jpg\" \/>\n\t<meta property=\"og:image:width\" content=\"1000\" \/>\n\t<meta property=\"og:image:height\" content=\"750\" \/>\n\t<meta property=\"og:image:type\" content=\"image\/jpeg\" \/>\n<meta name=\"author\" content=\"dev\" \/>\n<meta name=\"twitter:card\" content=\"summary_large_image\" \/>\n<meta name=\"twitter:label1\" content=\"Escrito por\" \/>\n\t<meta name=\"twitter:data1\" content=\"dev\" \/>\n\t<meta name=\"twitter:label2\" content=\"Est. tempo de leitura\" \/>\n\t<meta name=\"twitter:data2\" content=\"4 minutos\" \/>\n<script type=\"application\/ld+json\" class=\"yoast-schema-graph\">{\"@context\":\"https:\/\/schema.org\",\"@graph\":[{\"@type\":\"Article\",\"@id\":\"https:\/\/therischlawfirm.com\/um-olhar-sobre-o-novo-governo-e-a-politica-imigratoria-green-card-para-imigrantes-qualificados-e-desenvolvimento-economico\/#article\",\"isPartOf\":{\"@id\":\"https:\/\/therischlawfirm.com\/um-olhar-sobre-o-novo-governo-e-a-politica-imigratoria-green-card-para-imigrantes-qualificados-e-desenvolvimento-economico\/\"},\"author\":{\"name\":\"dev\",\"@id\":\"https:\/\/therischlawfirm.com\/#\/schema\/person\/f2dbab5d2778084709a10ba219d44aad\"},\"headline\":\"Um olhar sobre o novo governo e a pol\u00edtica imigrat\u00f3ria &#8211; Green Card para imigrantes qualificados e desenvolvimento econ\u00f4mico.\",\"datePublished\":\"2024-11-26T12:36:52+00:00\",\"mainEntityOfPage\":{\"@id\":\"https:\/\/therischlawfirm.com\/um-olhar-sobre-o-novo-governo-e-a-politica-imigratoria-green-card-para-imigrantes-qualificados-e-desenvolvimento-economico\/\"},\"wordCount\":632,\"commentCount\":0,\"publisher\":{\"@id\":\"https:\/\/therischlawfirm.com\/#organization\"},\"image\":{\"@id\":\"https:\/\/therischlawfirm.com\/um-olhar-sobre-o-novo-governo-e-a-politica-imigratoria-green-card-para-imigrantes-qualificados-e-desenvolvimento-economico\/#primaryimage\"},\"thumbnailUrl\":\"https:\/\/therischlawfirm.com\/wp-content\/uploads\/2024\/11\/shutterstock_2542022679.jpg\",\"articleSection\":[\"Uncategorized\"],\"inLanguage\":\"pt-BR\",\"potentialAction\":[{\"@type\":\"CommentAction\",\"name\":\"Comment\",\"target\":[\"https:\/\/therischlawfirm.com\/um-olhar-sobre-o-novo-governo-e-a-politica-imigratoria-green-card-para-imigrantes-qualificados-e-desenvolvimento-economico\/#respond\"]}]},{\"@type\":\"WebPage\",\"@id\":\"https:\/\/therischlawfirm.com\/um-olhar-sobre-o-novo-governo-e-a-politica-imigratoria-green-card-para-imigrantes-qualificados-e-desenvolvimento-economico\/\",\"url\":\"https:\/\/therischlawfirm.com\/um-olhar-sobre-o-novo-governo-e-a-politica-imigratoria-green-card-para-imigrantes-qualificados-e-desenvolvimento-economico\/\",\"name\":\"Um olhar sobre o novo governo e a pol\u00edtica imigrat\u00f3ria - Green Card para imigrantes qualificados e desenvolvimento econ\u00f4mico. - Risch Law Firm\",\"isPartOf\":{\"@id\":\"https:\/\/therischlawfirm.com\/#website\"},\"primaryImageOfPage\":{\"@id\":\"https:\/\/therischlawfirm.com\/um-olhar-sobre-o-novo-governo-e-a-politica-imigratoria-green-card-para-imigrantes-qualificados-e-desenvolvimento-economico\/#primaryimage\"},\"image\":{\"@id\":\"https:\/\/therischlawfirm.com\/um-olhar-sobre-o-novo-governo-e-a-politica-imigratoria-green-card-para-imigrantes-qualificados-e-desenvolvimento-economico\/#primaryimage\"},\"thumbnailUrl\":\"https:\/\/therischlawfirm.com\/wp-content\/uploads\/2024\/11\/shutterstock_2542022679.jpg\",\"datePublished\":\"2024-11-26T12:36:52+00:00\",\"breadcrumb\":{\"@id\":\"https:\/\/therischlawfirm.com\/um-olhar-sobre-o-novo-governo-e-a-politica-imigratoria-green-card-para-imigrantes-qualificados-e-desenvolvimento-economico\/#breadcrumb\"},\"inLanguage\":\"pt-BR\",\"potentialAction\":[{\"@type\":\"ReadAction\",\"target\":[\"https:\/\/therischlawfirm.com\/um-olhar-sobre-o-novo-governo-e-a-politica-imigratoria-green-card-para-imigrantes-qualificados-e-desenvolvimento-economico\/\"]}]},{\"@type\":\"ImageObject\",\"inLanguage\":\"pt-BR\",\"@id\":\"https:\/\/therischlawfirm.com\/um-olhar-sobre-o-novo-governo-e-a-politica-imigratoria-green-card-para-imigrantes-qualificados-e-desenvolvimento-economico\/#primaryimage\",\"url\":\"https:\/\/therischlawfirm.com\/wp-content\/uploads\/2024\/11\/shutterstock_2542022679.jpg\",\"contentUrl\":\"https:\/\/therischlawfirm.com\/wp-content\/uploads\/2024\/11\/shutterstock_2542022679.jpg\",\"width\":1000,\"height\":750},{\"@type\":\"BreadcrumbList\",\"@id\":\"https:\/\/therischlawfirm.com\/um-olhar-sobre-o-novo-governo-e-a-politica-imigratoria-green-card-para-imigrantes-qualificados-e-desenvolvimento-economico\/#breadcrumb\",\"itemListElement\":[{\"@type\":\"ListItem\",\"position\":1,\"name\":\"In\u00edcio\",\"item\":\"https:\/\/therischlawfirm.com\/\"},{\"@type\":\"ListItem\",\"position\":2,\"name\":\"Um olhar sobre o novo governo e a pol\u00edtica imigrat\u00f3ria &#8211; Green Card para imigrantes qualificados e desenvolvimento econ\u00f4mico.\"}]},{\"@type\":\"WebSite\",\"@id\":\"https:\/\/therischlawfirm.com\/#website\",\"url\":\"https:\/\/therischlawfirm.com\/\",\"name\":\"Risch Law Firm\",\"description\":\"Escrit\u00f3rio de imigra\u00e7\u00e3o nos EUA\",\"publisher\":{\"@id\":\"https:\/\/therischlawfirm.com\/#organization\"},\"potentialAction\":[{\"@type\":\"SearchAction\",\"target\":{\"@type\":\"EntryPoint\",\"urlTemplate\":\"https:\/\/therischlawfirm.com\/?s={search_term_string}\"},\"query-input\":{\"@type\":\"PropertyValueSpecification\",\"valueRequired\":true,\"valueName\":\"search_term_string\"}}],\"inLanguage\":\"pt-BR\"},{\"@type\":\"Organization\",\"@id\":\"https:\/\/therischlawfirm.com\/#organization\",\"name\":\"Risch Law Firm\",\"url\":\"https:\/\/therischlawfirm.com\/\",\"logo\":{\"@type\":\"ImageObject\",\"inLanguage\":\"pt-BR\",\"@id\":\"https:\/\/therischlawfirm.com\/#\/schema\/logo\/image\/\",\"url\":\"https:\/\/therischlawfirm.com\/wp-content\/uploads\/2024\/08\/risch-law-logo-1-scaled.webp\",\"contentUrl\":\"https:\/\/therischlawfirm.com\/wp-content\/uploads\/2024\/08\/risch-law-logo-1-scaled.webp\",\"width\":2560,\"height\":1123,\"caption\":\"Risch Law Firm\"},\"image\":{\"@id\":\"https:\/\/therischlawfirm.com\/#\/schema\/logo\/image\/\"}},{\"@type\":\"Person\",\"@id\":\"https:\/\/therischlawfirm.com\/#\/schema\/person\/f2dbab5d2778084709a10ba219d44aad\",\"name\":\"dev\",\"image\":{\"@type\":\"ImageObject\",\"inLanguage\":\"pt-BR\",\"@id\":\"https:\/\/therischlawfirm.com\/#\/schema\/person\/image\/\",\"url\":\"https:\/\/secure.gravatar.com\/avatar\/16533a93ff396812a6153872e1f95985c4e88d7d6e9040f57e8d77a702624341?s=96&d=mm&r=g\",\"contentUrl\":\"https:\/\/secure.gravatar.com\/avatar\/16533a93ff396812a6153872e1f95985c4e88d7d6e9040f57e8d77a702624341?s=96&d=mm&r=g\",\"caption\":\"dev\"},\"sameAs\":[\"https:\/\/therischlawfirm.com\/application\"],\"url\":\"https:\/\/therischlawfirm.com\/pt\/author\/dev\/\"}]}<\/script>\n<!-- \/ Yoast SEO plugin. -->",
    "yoast_head_json": {
        "title": "Um olhar sobre o novo governo e a pol\u00edtica imigrat\u00f3ria - Green Card para imigrantes qualificados e desenvolvimento econ\u00f4mico. - Risch Law Firm",
        "robots": {
            "index": "index",
            "follow": "follow",
            "max-snippet": "max-snippet:-1",
            "max-image-preview": "max-image-preview:large",
            "max-video-preview": "max-video-preview:-1"
        },
        "canonical": "https:\/\/therischlawfirm.com\/pt\/um-olhar-sobre-o-novo-governo-e-a-politica-imigratoria-green-card-para-imigrantes-qualificados-e-desenvolvimento-economico\/",
        "og_locale": "pt_BR",
        "og_type": "article",
        "og_title": "Um olhar sobre o novo governo e a pol\u00edtica imigrat\u00f3ria - Green Card para imigrantes qualificados e desenvolvimento econ\u00f4mico. - Risch Law Firm",
        "og_description": "Prezados clientes, Com a elei\u00e7\u00e3o do novo presidente dos Estados Unidos, Donald Trump, e a recente visita que fez ao atual presidente, Joe Biden, dando in\u00edcio \u00e0 transi\u00e7\u00e3o de governo, entendemos que o momento pode gerar incertezas e apreens\u00e3o. Queremos, portanto, compartilhar uma an\u00e1lise sobre o panorama atual e futuro, refor\u00e7ando nossa confian\u00e7a e compromisso [&hellip;]",
        "og_url": "https:\/\/therischlawfirm.com\/pt\/um-olhar-sobre-o-novo-governo-e-a-politica-imigratoria-green-card-para-imigrantes-qualificados-e-desenvolvimento-economico\/",
        "og_site_name": "Risch Law Firm",
        "article_published_time": "2024-11-26T12:36:52+00:00",
        "og_image": [
            {
                "width": 1000,
                "height": 750,
                "url": "https:\/\/therischlawfirm.com\/wp-content\/uploads\/2024\/11\/shutterstock_2542022679.jpg",
                "type": "image\/jpeg"
            }
        ],
        "author": "dev",
        "twitter_card": "summary_large_image",
        "twitter_misc": {
            "Escrito por": "dev",
            "Est. tempo de leitura": "4 minutos"
        },
        "schema": {
            "@context": "https:\/\/schema.org",
            "@graph": [
                {
                    "@type": "Article",
                    "@id": "https:\/\/therischlawfirm.com\/um-olhar-sobre-o-novo-governo-e-a-politica-imigratoria-green-card-para-imigrantes-qualificados-e-desenvolvimento-economico\/#article",
                    "isPartOf": {
                        "@id": "https:\/\/therischlawfirm.com\/um-olhar-sobre-o-novo-governo-e-a-politica-imigratoria-green-card-para-imigrantes-qualificados-e-desenvolvimento-economico\/"
                    },
                    "author": {
                        "name": "dev",
                        "@id": "https:\/\/therischlawfirm.com\/#\/schema\/person\/f2dbab5d2778084709a10ba219d44aad"
                    },
                    "headline": "Um olhar sobre o novo governo e a pol\u00edtica imigrat\u00f3ria &#8211; Green Card para imigrantes qualificados e desenvolvimento econ\u00f4mico.",
                    "datePublished": "2024-11-26T12:36:52+00:00",
                    "mainEntityOfPage": {
                        "@id": "https:\/\/therischlawfirm.com\/um-olhar-sobre-o-novo-governo-e-a-politica-imigratoria-green-card-para-imigrantes-qualificados-e-desenvolvimento-economico\/"
                    },
                    "wordCount": 632,
                    "commentCount": 0,
                    "publisher": {
                        "@id": "https:\/\/therischlawfirm.com\/#organization"
                    },
                    "image": {
                        "@id": "https:\/\/therischlawfirm.com\/um-olhar-sobre-o-novo-governo-e-a-politica-imigratoria-green-card-para-imigrantes-qualificados-e-desenvolvimento-economico\/#primaryimage"
                    },
                    "thumbnailUrl": "https:\/\/therischlawfirm.com\/wp-content\/uploads\/2024\/11\/shutterstock_2542022679.jpg",
                    "articleSection": [
                        "Uncategorized"
                    ],
                    "inLanguage": "pt-BR",
                    "potentialAction": [
                        {
                            "@type": "CommentAction",
                            "name": "Comment",
                            "target": [
                                "https:\/\/therischlawfirm.com\/um-olhar-sobre-o-novo-governo-e-a-politica-imigratoria-green-card-para-imigrantes-qualificados-e-desenvolvimento-economico\/#respond"
                            ]
                        }
                    ]
                },
                {
                    "@type": "WebPage",
                    "@id": "https:\/\/therischlawfirm.com\/um-olhar-sobre-o-novo-governo-e-a-politica-imigratoria-green-card-para-imigrantes-qualificados-e-desenvolvimento-economico\/",
                    "url": "https:\/\/therischlawfirm.com\/um-olhar-sobre-o-novo-governo-e-a-politica-imigratoria-green-card-para-imigrantes-qualificados-e-desenvolvimento-economico\/",
                    "name": "Um olhar sobre o novo governo e a pol\u00edtica imigrat\u00f3ria - Green Card para imigrantes qualificados e desenvolvimento econ\u00f4mico. - Risch Law Firm",
                    "isPartOf": {
                        "@id": "https:\/\/therischlawfirm.com\/#website"
                    },
                    "primaryImageOfPage": {
                        "@id": "https:\/\/therischlawfirm.com\/um-olhar-sobre-o-novo-governo-e-a-politica-imigratoria-green-card-para-imigrantes-qualificados-e-desenvolvimento-economico\/#primaryimage"
                    },
                    "image": {
                        "@id": "https:\/\/therischlawfirm.com\/um-olhar-sobre-o-novo-governo-e-a-politica-imigratoria-green-card-para-imigrantes-qualificados-e-desenvolvimento-economico\/#primaryimage"
                    },
                    "thumbnailUrl": "https:\/\/therischlawfirm.com\/wp-content\/uploads\/2024\/11\/shutterstock_2542022679.jpg",
                    "datePublished": "2024-11-26T12:36:52+00:00",
                    "breadcrumb": {
                        "@id": "https:\/\/therischlawfirm.com\/um-olhar-sobre-o-novo-governo-e-a-politica-imigratoria-green-card-para-imigrantes-qualificados-e-desenvolvimento-economico\/#breadcrumb"
                    },
                    "inLanguage": "pt-BR",
                    "potentialAction": [
                        {
                            "@type": "ReadAction",
                            "target": [
                                "https:\/\/therischlawfirm.com\/um-olhar-sobre-o-novo-governo-e-a-politica-imigratoria-green-card-para-imigrantes-qualificados-e-desenvolvimento-economico\/"
                            ]
                        }
                    ]
                },
                {
                    "@type": "ImageObject",
                    "inLanguage": "pt-BR",
                    "@id": "https:\/\/therischlawfirm.com\/um-olhar-sobre-o-novo-governo-e-a-politica-imigratoria-green-card-para-imigrantes-qualificados-e-desenvolvimento-economico\/#primaryimage",
                    "url": "https:\/\/therischlawfirm.com\/wp-content\/uploads\/2024\/11\/shutterstock_2542022679.jpg",
                    "contentUrl": "https:\/\/therischlawfirm.com\/wp-content\/uploads\/2024\/11\/shutterstock_2542022679.jpg",
                    "width": 1000,
                    "height": 750
                },
                {
                    "@type": "BreadcrumbList",
                    "@id": "https:\/\/therischlawfirm.com\/um-olhar-sobre-o-novo-governo-e-a-politica-imigratoria-green-card-para-imigrantes-qualificados-e-desenvolvimento-economico\/#breadcrumb",
                    "itemListElement": [
                        {
                            "@type": "ListItem",
                            "position": 1,
                            "name": "In\u00edcio",
                            "item": "https:\/\/therischlawfirm.com\/"
                        },
                        {
                            "@type": "ListItem",
                            "position": 2,
                            "name": "Um olhar sobre o novo governo e a pol\u00edtica imigrat\u00f3ria &#8211; Green Card para imigrantes qualificados e desenvolvimento econ\u00f4mico."
                        }
                    ]
                },
                {
                    "@type": "WebSite",
                    "@id": "https:\/\/therischlawfirm.com\/#website",
                    "url": "https:\/\/therischlawfirm.com\/",
                    "name": "Risch Law Firm",
                    "description": "Escrit\u00f3rio de imigra\u00e7\u00e3o nos EUA",
                    "publisher": {
                        "@id": "https:\/\/therischlawfirm.com\/#organization"
                    },
                    "potentialAction": [
                        {
                            "@type": "SearchAction",
                            "target": {
                                "@type": "EntryPoint",
                                "urlTemplate": "https:\/\/therischlawfirm.com\/?s={search_term_string}"
                            },
                            "query-input": {
                                "@type": "PropertyValueSpecification",
                                "valueRequired": true,
                                "valueName": "search_term_string"
                            }
                        }
                    ],
                    "inLanguage": "pt-BR"
                },
                {
                    "@type": "Organization",
                    "@id": "https:\/\/therischlawfirm.com\/#organization",
                    "name": "Risch Law Firm",
                    "url": "https:\/\/therischlawfirm.com\/",
                    "logo": {
                        "@type": "ImageObject",
                        "inLanguage": "pt-BR",
                        "@id": "https:\/\/therischlawfirm.com\/#\/schema\/logo\/image\/",
                        "url": "https:\/\/therischlawfirm.com\/wp-content\/uploads\/2024\/08\/risch-law-logo-1-scaled.webp",
                        "contentUrl": "https:\/\/therischlawfirm.com\/wp-content\/uploads\/2024\/08\/risch-law-logo-1-scaled.webp",
                        "width": 2560,
                        "height": 1123,
                        "caption": "Risch Law Firm"
                    },
                    "image": {
                        "@id": "https:\/\/therischlawfirm.com\/#\/schema\/logo\/image\/"
                    }
                },
                {
                    "@type": "Person",
                    "@id": "https:\/\/therischlawfirm.com\/#\/schema\/person\/f2dbab5d2778084709a10ba219d44aad",
                    "name": "dev",
                    "image": {
                        "@type": "ImageObject",
                        "inLanguage": "pt-BR",
                        "@id": "https:\/\/therischlawfirm.com\/#\/schema\/person\/image\/",
                        "url": "https:\/\/secure.gravatar.com\/avatar\/16533a93ff396812a6153872e1f95985c4e88d7d6e9040f57e8d77a702624341?s=96&d=mm&r=g",
                        "contentUrl": "https:\/\/secure.gravatar.com\/avatar\/16533a93ff396812a6153872e1f95985c4e88d7d6e9040f57e8d77a702624341?s=96&d=mm&r=g",
                        "caption": "dev"
                    },
                    "sameAs": [
                        "https:\/\/therischlawfirm.com\/application"
                    ],
                    "url": "https:\/\/therischlawfirm.com\/pt\/author\/dev\/"
                }
            ]
        }
    },
    "_links": {
        "self": [
            {
                "href": "https:\/\/therischlawfirm.com\/pt\/wp-json\/wp\/v2\/posts\/795",
                "targetHints": {
                    "allow": [
                        "GET"
                    ]
                }
            }
        ],
        "collection": [
            {
                "href": "https:\/\/therischlawfirm.com\/pt\/wp-json\/wp\/v2\/posts"
            }
        ],
        "about": [
            {
                "href": "https:\/\/therischlawfirm.com\/pt\/wp-json\/wp\/v2\/types\/post"
            }
        ],
        "author": [
            {
                "embeddable": true,
                "href": "https:\/\/therischlawfirm.com\/pt\/wp-json\/wp\/v2\/users\/1"
            }
        ],
        "replies": [
            {
                "embeddable": true,
                "href": "https:\/\/therischlawfirm.com\/pt\/wp-json\/wp\/v2\/comments?post=795"
            }
        ],
        "version-history": [
            {
                "count": 1,
                "href": "https:\/\/therischlawfirm.com\/pt\/wp-json\/wp\/v2\/posts\/795\/revisions"
            }
        ],
        "predecessor-version": [
            {
                "id": 797,
                "href": "https:\/\/therischlawfirm.com\/pt\/wp-json\/wp\/v2\/posts\/795\/revisions\/797"
            }
        ],
        "wp:featuredmedia": [
            {
                "embeddable": true,
                "href": "https:\/\/therischlawfirm.com\/pt\/wp-json\/wp\/v2\/media\/796"
            }
        ],
        "wp:attachment": [
            {
                "href": "https:\/\/therischlawfirm.com\/pt\/wp-json\/wp\/v2\/media?parent=795"
            }
        ],
        "wp:term": [
            {
                "taxonomy": "category",
                "embeddable": true,
                "href": "https:\/\/therischlawfirm.com\/pt\/wp-json\/wp\/v2\/categories?post=795"
            },
            {
                "taxonomy": "post_tag",
                "embeddable": true,
                "href": "https:\/\/therischlawfirm.com\/pt\/wp-json\/wp\/v2\/tags?post=795"
            }
        ],
        "curies": [
            {
                "name": "wp",
                "href": "https:\/\/api.w.org\/{rel}",
                "templated": true
            }
        ]
    }
}