{
    "id": 824,
    "date": "2025-01-30T14:51:26",
    "date_gmt": "2025-01-30T17:51:26",
    "guid": {
        "rendered": "https:\/\/therischlawfirm.com\/?p=824"
    },
    "modified": "2025-01-30T14:51:26",
    "modified_gmt": "2025-01-30T17:51:26",
    "slug": "a-imigracao-no-segundo-mandato-trump",
    "status": "publish",
    "type": "post",
    "link": "https:\/\/therischlawfirm.com\/pt\/a-imigracao-no-segundo-mandato-trump\/",
    "title": {
        "rendered": "A imigra\u00e7\u00e3o no segundo mandato Trump\u202f"
    },
    "content": {
        "rendered": "<p>A imigra\u00e7\u00e3o sempre foi um tema central nas pol\u00edticas americanas e com a possibilidade de um segundo mandato de Donald Trump, a quest\u00e3o promete ser um dos pilares da sua agenda.<\/p>\n<p>Se por um lado o foco na seguran\u00e7a das fronteiras tende a ser mais r\u00edgido, por outro, as pol\u00edticas para atrair profissionais qualificados continuam sendo fundamentais para a economia americana.<\/p>\n<p>Mas o que isso significa para quem busca oportunidades nos Estados Unidos?<\/p>\n<p>Miguel Risch explica. Confira no artigo publicado na Gazeta do Povo: <a href=\"https:\/\/www.gazetadopovo.com.br\/opiniao\/artigos\/a-imigracao-no-segundo-mandato-trump\/\">https:\/\/www.gazetadopovo.com.br\/opiniao\/artigos\/a-imigracao-no-segundo-mandato-trump\/<\/a><\/p>\n<p>&nbsp;<\/p>\n<p><a href=\"https:\/\/www.gazetadopovo.com.br\/opiniao\/artigos\/a-imigracao-no-segundo-mandato-trump\/\"><img fetchpriority=\"high\" decoding=\"async\" class=\"aligncenter wp-image-825 size-large\" src=\"https:\/\/therischlawfirm.com\/wp-content\/uploads\/2025\/01\/Captura-de-Tela-2025-01-30-as-14.42.34-1024x627.png\" alt=\"\" width=\"800\" height=\"490\" srcset=\"https:\/\/therischlawfirm.com\/wp-content\/uploads\/2025\/01\/Captura-de-Tela-2025-01-30-as-14.42.34-1024x627.png 1024w, https:\/\/therischlawfirm.com\/wp-content\/uploads\/2025\/01\/Captura-de-Tela-2025-01-30-as-14.42.34-300x184.png 300w, https:\/\/therischlawfirm.com\/wp-content\/uploads\/2025\/01\/Captura-de-Tela-2025-01-30-as-14.42.34-768x470.png 768w, https:\/\/therischlawfirm.com\/wp-content\/uploads\/2025\/01\/Captura-de-Tela-2025-01-30-as-14.42.34-1536x940.png 1536w, https:\/\/therischlawfirm.com\/wp-content\/uploads\/2025\/01\/Captura-de-Tela-2025-01-30-as-14.42.34-2048x1254.png 2048w, https:\/\/therischlawfirm.com\/wp-content\/uploads\/2025\/01\/Captura-de-Tela-2025-01-30-as-14.42.34-18x12.png 18w\" sizes=\"(max-width: 800px) 100vw, 800px\" \/><\/a><\/p>",
        "protected": false
    },
    "excerpt": {
        "rendered": "<p>A imigra\u00e7\u00e3o sempre foi um tema central nas pol\u00edticas americanas e com a possibilidade de um segundo mandato de Donald Trump, a quest\u00e3o promete ser um dos pilares da sua agenda. Se por um lado o foco na seguran\u00e7a das fronteiras tende a ser mais r\u00edgido, por outro, as pol\u00edticas para atrair profissionais qualificados continuam [&hellip;]<\/p>",
        "protected": false
    },
    "author": 2,
    "featured_media": 827,
    "comment_status": "open",
    "ping_status": "open",
    "sticky": false,
    "template": "",
    "format": "standard",
    "meta": {
        "_acf_changed": false,
        "footnotes": ""
    },
    "categories": [
        1
    ],
    "tags": [],
    "class_list": [
        "post-824",
        "post",
        "type-post",
        "status-publish",
        "format-standard",
        "has-post-thumbnail",
        "hentry",
        "category-uncategorized"
    ],
    "acf": [],
    "yoast_head": "<!-- This site is optimized with the Yoast SEO plugin v26.7 - https:\/\/yoast.com\/wordpress\/plugins\/seo\/ -->\n<title>A imigra\u00e7\u00e3o no segundo mandato Trump\u202f - Risch Law Firm<\/title>\n<meta name=\"description\" content=\"A imigra\u00e7\u00e3o sempre foi um tema central nas pol\u00edticas americanas e com a possibilidade de um segundo mandato de Donald Trump, a quest\u00e3o promete ser um dos pilares da sua agenda.\" \/>\n<meta name=\"robots\" content=\"index, follow, max-snippet:-1, max-image-preview:large, max-video-preview:-1\" \/>\n<link rel=\"canonical\" href=\"https:\/\/therischlawfirm.com\/pt\/a-imigracao-no-segundo-mandato-trump\/\" \/>\n<meta property=\"og:locale\" content=\"pt_BR\" \/>\n<meta property=\"og:type\" content=\"article\" \/>\n<meta property=\"og:title\" content=\"A imigra\u00e7\u00e3o no segundo mandato Trump\u202f - Risch Law Firm\" \/>\n<meta property=\"og:description\" content=\"A imigra\u00e7\u00e3o sempre foi um tema central nas pol\u00edticas americanas e com a possibilidade de um segundo mandato de Donald Trump, a quest\u00e3o promete ser um dos pilares da sua agenda.\" \/>\n<meta property=\"og:url\" content=\"https:\/\/therischlawfirm.com\/pt\/a-imigracao-no-segundo-mandato-trump\/\" \/>\n<meta property=\"og:site_name\" content=\"Risch Law Firm\" \/>\n<meta property=\"article:published_time\" content=\"2025-01-30T17:51:26+00:00\" \/>\n<meta property=\"og:image\" content=\"https:\/\/therischlawfirm.com\/wp-content\/uploads\/2025\/01\/trump-imigracao-2.jpg\" \/>\n\t<meta property=\"og:image:width\" content=\"1566\" \/>\n\t<meta property=\"og:image:height\" content=\"880\" \/>\n\t<meta property=\"og:image:type\" content=\"image\/jpeg\" \/>\n<meta name=\"author\" content=\"Webegin\" \/>\n<meta name=\"twitter:card\" content=\"summary_large_image\" \/>\n<meta name=\"twitter:label1\" content=\"Escrito por\" \/>\n\t<meta name=\"twitter:data1\" content=\"Webegin\" \/>\n\t<meta name=\"twitter:label2\" content=\"Est. tempo de leitura\" \/>\n\t<meta name=\"twitter:data2\" content=\"1 minuto\" \/>\n<script type=\"application\/ld+json\" class=\"yoast-schema-graph\">{\"@context\":\"https:\/\/schema.org\",\"@graph\":[{\"@type\":\"Article\",\"@id\":\"https:\/\/therischlawfirm.com\/a-imigracao-no-segundo-mandato-trump\/#article\",\"isPartOf\":{\"@id\":\"https:\/\/therischlawfirm.com\/a-imigracao-no-segundo-mandato-trump\/\"},\"author\":{\"name\":\"Webegin\",\"@id\":\"https:\/\/therischlawfirm.com\/#\/schema\/person\/57505421c40109933fb0725075ea82af\"},\"headline\":\"A imigra\u00e7\u00e3o no segundo mandato Trump\u202f\",\"datePublished\":\"2025-01-30T17:51:26+00:00\",\"mainEntityOfPage\":{\"@id\":\"https:\/\/therischlawfirm.com\/a-imigracao-no-segundo-mandato-trump\/\"},\"wordCount\":106,\"commentCount\":0,\"publisher\":{\"@id\":\"https:\/\/therischlawfirm.com\/#organization\"},\"image\":{\"@id\":\"https:\/\/therischlawfirm.com\/a-imigracao-no-segundo-mandato-trump\/#primaryimage\"},\"thumbnailUrl\":\"https:\/\/therischlawfirm.com\/wp-content\/uploads\/2025\/01\/trump-imigracao-2.jpg\",\"articleSection\":[\"Uncategorized\"],\"inLanguage\":\"pt-BR\",\"potentialAction\":[{\"@type\":\"CommentAction\",\"name\":\"Comment\",\"target\":[\"https:\/\/therischlawfirm.com\/a-imigracao-no-segundo-mandato-trump\/#respond\"]}]},{\"@type\":\"WebPage\",\"@id\":\"https:\/\/therischlawfirm.com\/a-imigracao-no-segundo-mandato-trump\/\",\"url\":\"https:\/\/therischlawfirm.com\/a-imigracao-no-segundo-mandato-trump\/\",\"name\":\"A imigra\u00e7\u00e3o no segundo mandato Trump\u202f - Risch Law Firm\",\"isPartOf\":{\"@id\":\"https:\/\/therischlawfirm.com\/#website\"},\"primaryImageOfPage\":{\"@id\":\"https:\/\/therischlawfirm.com\/a-imigracao-no-segundo-mandato-trump\/#primaryimage\"},\"image\":{\"@id\":\"https:\/\/therischlawfirm.com\/a-imigracao-no-segundo-mandato-trump\/#primaryimage\"},\"thumbnailUrl\":\"https:\/\/therischlawfirm.com\/wp-content\/uploads\/2025\/01\/trump-imigracao-2.jpg\",\"datePublished\":\"2025-01-30T17:51:26+00:00\",\"description\":\"A imigra\u00e7\u00e3o sempre foi um tema central nas pol\u00edticas americanas e com a possibilidade de um segundo mandato de Donald Trump, a quest\u00e3o promete ser um dos pilares da sua agenda.\",\"breadcrumb\":{\"@id\":\"https:\/\/therischlawfirm.com\/a-imigracao-no-segundo-mandato-trump\/#breadcrumb\"},\"inLanguage\":\"pt-BR\",\"potentialAction\":[{\"@type\":\"ReadAction\",\"target\":[\"https:\/\/therischlawfirm.com\/a-imigracao-no-segundo-mandato-trump\/\"]}]},{\"@type\":\"ImageObject\",\"inLanguage\":\"pt-BR\",\"@id\":\"https:\/\/therischlawfirm.com\/a-imigracao-no-segundo-mandato-trump\/#primaryimage\",\"url\":\"https:\/\/therischlawfirm.com\/wp-content\/uploads\/2025\/01\/trump-imigracao-2.jpg\",\"contentUrl\":\"https:\/\/therischlawfirm.com\/wp-content\/uploads\/2025\/01\/trump-imigracao-2.jpg\",\"width\":1566,\"height\":880,\"caption\":\"imigra\u00e7\u00e3o trump\"},{\"@type\":\"BreadcrumbList\",\"@id\":\"https:\/\/therischlawfirm.com\/a-imigracao-no-segundo-mandato-trump\/#breadcrumb\",\"itemListElement\":[{\"@type\":\"ListItem\",\"position\":1,\"name\":\"In\u00edcio\",\"item\":\"https:\/\/therischlawfirm.com\/\"},{\"@type\":\"ListItem\",\"position\":2,\"name\":\"A imigra\u00e7\u00e3o no segundo mandato Trump\u202f\"}]},{\"@type\":\"WebSite\",\"@id\":\"https:\/\/therischlawfirm.com\/#website\",\"url\":\"https:\/\/therischlawfirm.com\/\",\"name\":\"Risch Law Firm\",\"description\":\"Escrit\u00f3rio de imigra\u00e7\u00e3o nos EUA\",\"publisher\":{\"@id\":\"https:\/\/therischlawfirm.com\/#organization\"},\"potentialAction\":[{\"@type\":\"SearchAction\",\"target\":{\"@type\":\"EntryPoint\",\"urlTemplate\":\"https:\/\/therischlawfirm.com\/?s={search_term_string}\"},\"query-input\":{\"@type\":\"PropertyValueSpecification\",\"valueRequired\":true,\"valueName\":\"search_term_string\"}}],\"inLanguage\":\"pt-BR\"},{\"@type\":\"Organization\",\"@id\":\"https:\/\/therischlawfirm.com\/#organization\",\"name\":\"Risch Law Firm\",\"url\":\"https:\/\/therischlawfirm.com\/\",\"logo\":{\"@type\":\"ImageObject\",\"inLanguage\":\"pt-BR\",\"@id\":\"https:\/\/therischlawfirm.com\/#\/schema\/logo\/image\/\",\"url\":\"https:\/\/therischlawfirm.com\/wp-content\/uploads\/2024\/08\/risch-law-logo-1-scaled.webp\",\"contentUrl\":\"https:\/\/therischlawfirm.com\/wp-content\/uploads\/2024\/08\/risch-law-logo-1-scaled.webp\",\"width\":2560,\"height\":1123,\"caption\":\"Risch Law Firm\"},\"image\":{\"@id\":\"https:\/\/therischlawfirm.com\/#\/schema\/logo\/image\/\"}},{\"@type\":\"Person\",\"@id\":\"https:\/\/therischlawfirm.com\/#\/schema\/person\/57505421c40109933fb0725075ea82af\",\"name\":\"Webegin\",\"image\":{\"@type\":\"ImageObject\",\"inLanguage\":\"pt-BR\",\"@id\":\"https:\/\/therischlawfirm.com\/#\/schema\/person\/image\/\",\"url\":\"https:\/\/secure.gravatar.com\/avatar\/e12719f37370524dec31ea0811ae6d57b14007dcc09a3e32f0147c2685dd1210?s=96&d=mm&r=g\",\"contentUrl\":\"https:\/\/secure.gravatar.com\/avatar\/e12719f37370524dec31ea0811ae6d57b14007dcc09a3e32f0147c2685dd1210?s=96&d=mm&r=g\",\"caption\":\"Webegin\"},\"url\":\"https:\/\/therischlawfirm.com\/pt\/author\/wb\/\"}]}<\/script>\n<!-- \/ Yoast SEO plugin. -->",
    "yoast_head_json": {
        "title": "A imigra\u00e7\u00e3o no segundo mandato Trump\u202f - Risch Law Firm",
        "description": "A imigra\u00e7\u00e3o sempre foi um tema central nas pol\u00edticas americanas e com a possibilidade de um segundo mandato de Donald Trump, a quest\u00e3o promete ser um dos pilares da sua agenda.",
        "robots": {
            "index": "index",
            "follow": "follow",
            "max-snippet": "max-snippet:-1",
            "max-image-preview": "max-image-preview:large",
            "max-video-preview": "max-video-preview:-1"
        },
        "canonical": "https:\/\/therischlawfirm.com\/pt\/a-imigracao-no-segundo-mandato-trump\/",
        "og_locale": "pt_BR",
        "og_type": "article",
        "og_title": "A imigra\u00e7\u00e3o no segundo mandato Trump\u202f - Risch Law Firm",
        "og_description": "A imigra\u00e7\u00e3o sempre foi um tema central nas pol\u00edticas americanas e com a possibilidade de um segundo mandato de Donald Trump, a quest\u00e3o promete ser um dos pilares da sua agenda.",
        "og_url": "https:\/\/therischlawfirm.com\/pt\/a-imigracao-no-segundo-mandato-trump\/",
        "og_site_name": "Risch Law Firm",
        "article_published_time": "2025-01-30T17:51:26+00:00",
        "og_image": [
            {
                "width": 1566,
                "height": 880,
                "url": "https:\/\/therischlawfirm.com\/wp-content\/uploads\/2025\/01\/trump-imigracao-2.jpg",
                "type": "image\/jpeg"
            }
        ],
        "author": "Webegin",
        "twitter_card": "summary_large_image",
        "twitter_misc": {
            "Escrito por": "Webegin",
            "Est. tempo de leitura": "1 minuto"
        },
        "schema": {
            "@context": "https:\/\/schema.org",
            "@graph": [
                {
                    "@type": "Article",
                    "@id": "https:\/\/therischlawfirm.com\/a-imigracao-no-segundo-mandato-trump\/#article",
                    "isPartOf": {
                        "@id": "https:\/\/therischlawfirm.com\/a-imigracao-no-segundo-mandato-trump\/"
                    },
                    "author": {
                        "name": "Webegin",
                        "@id": "https:\/\/therischlawfirm.com\/#\/schema\/person\/57505421c40109933fb0725075ea82af"
                    },
                    "headline": "A imigra\u00e7\u00e3o no segundo mandato Trump\u202f",
                    "datePublished": "2025-01-30T17:51:26+00:00",
                    "mainEntityOfPage": {
                        "@id": "https:\/\/therischlawfirm.com\/a-imigracao-no-segundo-mandato-trump\/"
                    },
                    "wordCount": 106,
                    "commentCount": 0,
                    "publisher": {
                        "@id": "https:\/\/therischlawfirm.com\/#organization"
                    },
                    "image": {
                        "@id": "https:\/\/therischlawfirm.com\/a-imigracao-no-segundo-mandato-trump\/#primaryimage"
                    },
                    "thumbnailUrl": "https:\/\/therischlawfirm.com\/wp-content\/uploads\/2025\/01\/trump-imigracao-2.jpg",
                    "articleSection": [
                        "Uncategorized"
                    ],
                    "inLanguage": "pt-BR",
                    "potentialAction": [
                        {
                            "@type": "CommentAction",
                            "name": "Comment",
                            "target": [
                                "https:\/\/therischlawfirm.com\/a-imigracao-no-segundo-mandato-trump\/#respond"
                            ]
                        }
                    ]
                },
                {
                    "@type": "WebPage",
                    "@id": "https:\/\/therischlawfirm.com\/a-imigracao-no-segundo-mandato-trump\/",
                    "url": "https:\/\/therischlawfirm.com\/a-imigracao-no-segundo-mandato-trump\/",
                    "name": "A imigra\u00e7\u00e3o no segundo mandato Trump\u202f - Risch Law Firm",
                    "isPartOf": {
                        "@id": "https:\/\/therischlawfirm.com\/#website"
                    },
                    "primaryImageOfPage": {
                        "@id": "https:\/\/therischlawfirm.com\/a-imigracao-no-segundo-mandato-trump\/#primaryimage"
                    },
                    "image": {
                        "@id": "https:\/\/therischlawfirm.com\/a-imigracao-no-segundo-mandato-trump\/#primaryimage"
                    },
                    "thumbnailUrl": "https:\/\/therischlawfirm.com\/wp-content\/uploads\/2025\/01\/trump-imigracao-2.jpg",
                    "datePublished": "2025-01-30T17:51:26+00:00",
                    "description": "A imigra\u00e7\u00e3o sempre foi um tema central nas pol\u00edticas americanas e com a possibilidade de um segundo mandato de Donald Trump, a quest\u00e3o promete ser um dos pilares da sua agenda.",
                    "breadcrumb": {
                        "@id": "https:\/\/therischlawfirm.com\/a-imigracao-no-segundo-mandato-trump\/#breadcrumb"
                    },
                    "inLanguage": "pt-BR",
                    "potentialAction": [
                        {
                            "@type": "ReadAction",
                            "target": [
                                "https:\/\/therischlawfirm.com\/a-imigracao-no-segundo-mandato-trump\/"
                            ]
                        }
                    ]
                },
                {
                    "@type": "ImageObject",
                    "inLanguage": "pt-BR",
                    "@id": "https:\/\/therischlawfirm.com\/a-imigracao-no-segundo-mandato-trump\/#primaryimage",
                    "url": "https:\/\/therischlawfirm.com\/wp-content\/uploads\/2025\/01\/trump-imigracao-2.jpg",
                    "contentUrl": "https:\/\/therischlawfirm.com\/wp-content\/uploads\/2025\/01\/trump-imigracao-2.jpg",
                    "width": 1566,
                    "height": 880,
                    "caption": "imigra\u00e7\u00e3o trump"
                },
                {
                    "@type": "BreadcrumbList",
                    "@id": "https:\/\/therischlawfirm.com\/a-imigracao-no-segundo-mandato-trump\/#breadcrumb",
                    "itemListElement": [
                        {
                            "@type": "ListItem",
                            "position": 1,
                            "name": "In\u00edcio",
                            "item": "https:\/\/therischlawfirm.com\/"
                        },
                        {
                            "@type": "ListItem",
                            "position": 2,
                            "name": "A imigra\u00e7\u00e3o no segundo mandato Trump\u202f"
                        }
                    ]
                },
                {
                    "@type": "WebSite",
                    "@id": "https:\/\/therischlawfirm.com\/#website",
                    "url": "https:\/\/therischlawfirm.com\/",
                    "name": "Risch Law Firm",
                    "description": "Escrit\u00f3rio de imigra\u00e7\u00e3o nos EUA",
                    "publisher": {
                        "@id": "https:\/\/therischlawfirm.com\/#organization"
                    },
                    "potentialAction": [
                        {
                            "@type": "SearchAction",
                            "target": {
                                "@type": "EntryPoint",
                                "urlTemplate": "https:\/\/therischlawfirm.com\/?s={search_term_string}"
                            },
                            "query-input": {
                                "@type": "PropertyValueSpecification",
                                "valueRequired": true,
                                "valueName": "search_term_string"
                            }
                        }
                    ],
                    "inLanguage": "pt-BR"
                },
                {
                    "@type": "Organization",
                    "@id": "https:\/\/therischlawfirm.com\/#organization",
                    "name": "Risch Law Firm",
                    "url": "https:\/\/therischlawfirm.com\/",
                    "logo": {
                        "@type": "ImageObject",
                        "inLanguage": "pt-BR",
                        "@id": "https:\/\/therischlawfirm.com\/#\/schema\/logo\/image\/",
                        "url": "https:\/\/therischlawfirm.com\/wp-content\/uploads\/2024\/08\/risch-law-logo-1-scaled.webp",
                        "contentUrl": "https:\/\/therischlawfirm.com\/wp-content\/uploads\/2024\/08\/risch-law-logo-1-scaled.webp",
                        "width": 2560,
                        "height": 1123,
                        "caption": "Risch Law Firm"
                    },
                    "image": {
                        "@id": "https:\/\/therischlawfirm.com\/#\/schema\/logo\/image\/"
                    }
                },
                {
                    "@type": "Person",
                    "@id": "https:\/\/therischlawfirm.com\/#\/schema\/person\/57505421c40109933fb0725075ea82af",
                    "name": "Webegin",
                    "image": {
                        "@type": "ImageObject",
                        "inLanguage": "pt-BR",
                        "@id": "https:\/\/therischlawfirm.com\/#\/schema\/person\/image\/",
                        "url": "https:\/\/secure.gravatar.com\/avatar\/e12719f37370524dec31ea0811ae6d57b14007dcc09a3e32f0147c2685dd1210?s=96&d=mm&r=g",
                        "contentUrl": "https:\/\/secure.gravatar.com\/avatar\/e12719f37370524dec31ea0811ae6d57b14007dcc09a3e32f0147c2685dd1210?s=96&d=mm&r=g",
                        "caption": "Webegin"
                    },
                    "url": "https:\/\/therischlawfirm.com\/pt\/author\/wb\/"
                }
            ]
        }
    },
    "_links": {
        "self": [
            {
                "href": "https:\/\/therischlawfirm.com\/pt\/wp-json\/wp\/v2\/posts\/824",
                "targetHints": {
                    "allow": [
                        "GET"
                    ]
                }
            }
        ],
        "collection": [
            {
                "href": "https:\/\/therischlawfirm.com\/pt\/wp-json\/wp\/v2\/posts"
            }
        ],
        "about": [
            {
                "href": "https:\/\/therischlawfirm.com\/pt\/wp-json\/wp\/v2\/types\/post"
            }
        ],
        "author": [
            {
                "embeddable": true,
                "href": "https:\/\/therischlawfirm.com\/pt\/wp-json\/wp\/v2\/users\/2"
            }
        ],
        "replies": [
            {
                "embeddable": true,
                "href": "https:\/\/therischlawfirm.com\/pt\/wp-json\/wp\/v2\/comments?post=824"
            }
        ],
        "version-history": [
            {
                "count": 1,
                "href": "https:\/\/therischlawfirm.com\/pt\/wp-json\/wp\/v2\/posts\/824\/revisions"
            }
        ],
        "predecessor-version": [
            {
                "id": 828,
                "href": "https:\/\/therischlawfirm.com\/pt\/wp-json\/wp\/v2\/posts\/824\/revisions\/828"
            }
        ],
        "wp:featuredmedia": [
            {
                "embeddable": true,
                "href": "https:\/\/therischlawfirm.com\/pt\/wp-json\/wp\/v2\/media\/827"
            }
        ],
        "wp:attachment": [
            {
                "href": "https:\/\/therischlawfirm.com\/pt\/wp-json\/wp\/v2\/media?parent=824"
            }
        ],
        "wp:term": [
            {
                "taxonomy": "category",
                "embeddable": true,
                "href": "https:\/\/therischlawfirm.com\/pt\/wp-json\/wp\/v2\/categories?post=824"
            },
            {
                "taxonomy": "post_tag",
                "embeddable": true,
                "href": "https:\/\/therischlawfirm.com\/pt\/wp-json\/wp\/v2\/tags?post=824"
            }
        ],
        "curies": [
            {
                "name": "wp",
                "href": "https:\/\/api.w.org\/{rel}",
                "templated": true
            }
        ]
    }
}